{"id":2382,"date":"2026-04-30T13:02:40","date_gmt":"2026-04-30T11:02:40","guid":{"rendered":"https:\/\/expocuida.com\/inscribite-y-asegura-tu-acceso-a-cuida-2026\/"},"modified":"2026-04-30T13:04:50","modified_gmt":"2026-04-30T11:04:50","slug":"inscriu-te-i-assegura-el-teu-acces-a-cuida-2026","status":"publish","type":"post","link":"https:\/\/expocuida.com\/ca\/inscriu-te-i-assegura-el-teu-acces-a-cuida-2026\/","title":{"rendered":"Inscriu-te i assegura el teu acc\u00e9s a CUIDA 2026!"},"content":{"rendered":"\n<p>Ja estan obertes les inscripcions per assistir a <strong>CUIDA 2026<\/strong>. <\/p>\n\n\n\n<p>\u00c9s el moment d\u2019inscriure\u2019t i assegurar la teva pla\u00e7a. Amb una inscripci\u00f3 de nom\u00e9s 20\u20ac tindr\u00e0s acc\u00e9s a totes les activitats i sessions d\u2019un programa \u00fanic. A m\u00e9s, el preu inclou la teva participaci\u00f3 al<strong> Networking\/Caf\u00e8<\/strong>, el punt de trobada perfecte per connectar amb la resta d\u2019assistents.<\/p>\n\n\n\n<p>Inscriu-te i comen\u00e7a a planificar la teva participaci\u00f3 a CUIDA 2026, l\u2019esdeveniment m\u00e9s important del pa\u00eds dedicat als professionals en l\u2019atenci\u00f3 i cura de persones grans.<\/p>\n\n\n\n<div class=\"wp-block-buttons is-layout-flex wp-block-buttons-is-layout-flex\">\n<div class=\"wp-block-button\"><a class=\"wp-block-button__link has-white-color has-text-color has-background has-link-color wp-element-button\" href=\"https:\/\/expocuida.credoffice.net\/Tickets\/\" style=\"background-color:#5fa79d\" target=\"_blank\" rel=\"noreferrer noopener\"><strong>Inscriu-te aqu\u00ed<\/strong><\/a><\/div>\n<\/div>\n\n\n\n<p><\/p>\n","protected":false},"excerpt":{"rendered":"<p>Ja estan obertes les inscripcions per assistir a CUIDA 2026. \u00c9s el moment d\u2019inscriure\u2019t i assegurar la teva pla\u00e7a. Amb una inscripci\u00f3 de nom\u00e9s 20\u20ac tindr\u00e0s acc\u00e9s a totes les activitats i sessions d\u2019un programa \u00fanic. A m\u00e9s, el preu inclou la teva participaci\u00f3 al Networking\/Caf\u00e8, el punt de trobada perfecte per connectar amb la [&hellip;]<\/p>\n","protected":false},"author":2,"featured_media":2367,"comment_status":"closed","ping_status":"closed","sticky":false,"template":"","format":"standard","meta":{"footnotes":""},"categories":[1],"tags":[],"class_list":["post-2382","post","type-post","status-publish","format-standard","has-post-thumbnail","hentry","category-noticies-cuida"],"_links":{"self":[{"href":"https:\/\/expocuida.com\/ca\/wp-json\/wp\/v2\/posts\/2382","targetHints":{"allow":["GET"]}}],"collection":[{"href":"https:\/\/expocuida.com\/ca\/wp-json\/wp\/v2\/posts"}],"about":[{"href":"https:\/\/expocuida.com\/ca\/wp-json\/wp\/v2\/types\/post"}],"author":[{"embeddable":true,"href":"https:\/\/expocuida.com\/ca\/wp-json\/wp\/v2\/users\/2"}],"replies":[{"embeddable":true,"href":"https:\/\/expocuida.com\/ca\/wp-json\/wp\/v2\/comments?post=2382"}],"version-history":[{"count":2,"href":"https:\/\/expocuida.com\/ca\/wp-json\/wp\/v2\/posts\/2382\/revisions"}],"predecessor-version":[{"id":2385,"href":"https:\/\/expocuida.com\/ca\/wp-json\/wp\/v2\/posts\/2382\/revisions\/2385"}],"wp:featuredmedia":[{"embeddable":true,"href":"https:\/\/expocuida.com\/ca\/wp-json\/wp\/v2\/media\/2367"}],"wp:attachment":[{"href":"https:\/\/expocuida.com\/ca\/wp-json\/wp\/v2\/media?parent=2382"}],"wp:term":[{"taxonomy":"category","embeddable":true,"href":"https:\/\/expocuida.com\/ca\/wp-json\/wp\/v2\/categories?post=2382"},{"taxonomy":"post_tag","embeddable":true,"href":"https:\/\/expocuida.com\/ca\/wp-json\/wp\/v2\/tags?post=2382"}],"curies":[{"name":"wp","href":"https:\/\/api.w.org\/{rel}","templated":true}]}}