{"id":2378,"date":"2026-04-30T12:59:29","date_gmt":"2026-04-30T10:59:29","guid":{"rendered":"https:\/\/expocuida.com\/?p=2378"},"modified":"2026-04-30T13:00:22","modified_gmt":"2026-04-30T11:00:22","slug":"mes-de-60-activitats-en-el-congres-mes-gran-que-connectara-els-professionals-de-les-cures","status":"publish","type":"post","link":"https:\/\/expocuida.com\/ca\/mes-de-60-activitats-en-el-congres-mes-gran-que-connectara-els-professionals-de-les-cures\/","title":{"rendered":"M\u00e9s de 60 activitats en el congr\u00e9s m\u00e9s gran que connectar\u00e0 els professionals de les cures"},"content":{"rendered":"\n<p>El compte enrere per a <strong>CUIDA 2026<\/strong> ha comen\u00e7at. El comit\u00e8 cient\u00edfic ja t\u00e9 pr\u00e0cticament a punt tota la programaci\u00f3 del que ser\u00e0 el major congr\u00e9s dedicat als professionals en l\u2019atenci\u00f3 i cura de les persones grans. Un f\u00f2rum que buscar\u00e0 afavorir la connexi\u00f3 entre perfils molt diversos \u2014direccions de centres, equips assistencials, professionals sanitaris, treballadors socials, entitats i empreses prove\u00efdores\u2014 amb l\u2019objectiu de generar aliances, projectes compartits i noves formes de col\u00b7laboraci\u00f3.<\/p>\n\n\n\n<p>El programa, que<strong><a href=\"https:\/\/expocuida.com\/ca\/forum-cuida\/\"> ja est\u00e0 disponible al nostre web (pots consultar-lo aqu\u00ed)<\/a><\/strong>, inclou m\u00e9s de 60 activitats entre confer\u00e8ncies, debats, di\u00e0legs, tallers, presentacions d\u2019estudis i llibres, aix\u00ed com l\u2019exposici\u00f3 de casos reals de bones pr\u00e0ctiques i la presentaci\u00f3 d\u2019innovacions aplicades al sector. Activitats que estaran organitzades en tres grans blocs tem\u00e0tics: atenci\u00f3 en resid\u00e8ncies geri\u00e0triques, centres de dia i SAD; sector social i comunitari; i \u00e0mbit sanitari i sociosanitari.<\/p>\n\n\n\n<p>El f\u00f2rum de CUIDA 2026 s\u2019articular\u00e0, a m\u00e9s, al voltant de diversos eixos estrat\u00e8gics que reflecteixen els principals reptes del sector: la transformaci\u00f3 cap a models d\u2019atenci\u00f3 centrats en la persona; la sostenibilitat del sistema i el benestar dels professionals; la integraci\u00f3 efectiva entre all\u00f2 social i all\u00f2 sanitari; l\u2019\u00fas de la tecnologia amb criteri \u00e8tic; i la garantia de drets i qualitat de vida de les persones grans.<\/p>\n\n\n\n<p>Explora el programa detallat per organitzar la teva visita i seleccionar les confer\u00e8ncies, tallers i sessions de networking que millor s\u2019alineen amb els teus objectius professionals. <\/p>\n\n\n\n<p><strong><a href=\"https:\/\/expocuida.com\/ca\/forum-cuida\/\">Entra aqu\u00ed per a veure tot el programa.<\/a><\/strong><\/p>\n","protected":false},"excerpt":{"rendered":"<p>El compte enrere per a CUIDA 2026 ha comen\u00e7at. El comit\u00e8 cient\u00edfic ja t\u00e9 pr\u00e0cticament a punt tota la programaci\u00f3 del que ser\u00e0 el major congr\u00e9s dedicat als professionals en l\u2019atenci\u00f3 i cura de les persones grans. Un f\u00f2rum que buscar\u00e0 afavorir la connexi\u00f3 entre perfils molt diversos \u2014direccions de centres, equips assistencials, professionals sanitaris, [&hellip;]<\/p>\n","protected":false},"author":2,"featured_media":2365,"comment_status":"closed","ping_status":"closed","sticky":false,"template":"","format":"standard","meta":{"footnotes":""},"categories":[1],"tags":[],"class_list":["post-2378","post","type-post","status-publish","format-standard","has-post-thumbnail","hentry","category-noticies-cuida"],"_links":{"self":[{"href":"https:\/\/expocuida.com\/ca\/wp-json\/wp\/v2\/posts\/2378","targetHints":{"allow":["GET"]}}],"collection":[{"href":"https:\/\/expocuida.com\/ca\/wp-json\/wp\/v2\/posts"}],"about":[{"href":"https:\/\/expocuida.com\/ca\/wp-json\/wp\/v2\/types\/post"}],"author":[{"embeddable":true,"href":"https:\/\/expocuida.com\/ca\/wp-json\/wp\/v2\/users\/2"}],"replies":[{"embeddable":true,"href":"https:\/\/expocuida.com\/ca\/wp-json\/wp\/v2\/comments?post=2378"}],"version-history":[{"count":1,"href":"https:\/\/expocuida.com\/ca\/wp-json\/wp\/v2\/posts\/2378\/revisions"}],"predecessor-version":[{"id":2379,"href":"https:\/\/expocuida.com\/ca\/wp-json\/wp\/v2\/posts\/2378\/revisions\/2379"}],"wp:featuredmedia":[{"embeddable":true,"href":"https:\/\/expocuida.com\/ca\/wp-json\/wp\/v2\/media\/2365"}],"wp:attachment":[{"href":"https:\/\/expocuida.com\/ca\/wp-json\/wp\/v2\/media?parent=2378"}],"wp:term":[{"taxonomy":"category","embeddable":true,"href":"https:\/\/expocuida.com\/ca\/wp-json\/wp\/v2\/categories?post=2378"},{"taxonomy":"post_tag","embeddable":true,"href":"https:\/\/expocuida.com\/ca\/wp-json\/wp\/v2\/tags?post=2378"}],"curies":[{"name":"wp","href":"https:\/\/api.w.org\/{rel}","templated":true}]}}