{"id":2374,"date":"2026-04-30T12:57:53","date_gmt":"2026-04-30T10:57:53","guid":{"rendered":"https:\/\/expocuida.com\/?p=2374"},"modified":"2026-04-30T12:58:28","modified_gmt":"2026-04-30T10:58:28","slug":"descobreix-el-llistat-dexpositors-de-cuida-2026","status":"publish","type":"post","link":"https:\/\/expocuida.com\/ca\/descobreix-el-llistat-dexpositors-de-cuida-2026\/","title":{"rendered":"Descobreix el llistat d\u2019expositors de CUIDA 2026"},"content":{"rendered":"\n<p>Tot i que l\u2019eix principal de CUIDA 2026 ser\u00e0 el congr\u00e9s, el certamen tamb\u00e9 comptar\u00e0 amb una zona expositiva professional, en la qual empreses i entitats presentaran solucions, serveis i tecnologies aplicades a l\u2019atenci\u00f3 i la cura de les persones grans.<\/p>\n\n\n\n<p>Aquest espai, concebut com a complement del programa de coneixement, permetr\u00e0 als professionals con\u00e8ixer de primera m\u00e0 eines innovadores orientades a la gesti\u00f3 dels centres, l\u2019efici\u00e8ncia dels serveis i, sobretot, elevar la qualitat de vida dels residents.<\/p>\n\n\n\n<p>Al nostre <a href=\"https:\/\/expocuida.com\/ca\/empreses-participants\/\">web<\/a> ja es pot consultar el llistat (provisional) dels expositors de CUIDA 2026, un conjunt de firmes que presentaran els seus darrers aven\u00e7os. Per exemple, es podran veure les darreres dutxes port\u00e0tils de <strong>Zuowei<\/strong>, una soluci\u00f3 port\u00e0til dissenyada per facilitar la higiene de persones amb mobilitat redu\u00efda; con\u00e8ixer els serveis de bugaderia per a resid\u00e8ncies de <strong>Fita Control i Bubble Texcar;<\/strong> provar la nova App <strong>COTI<\/strong>, que connecta residents amb familiars; o descobrir les solucions tecnol\u00f2giques sanit\u00e0ries de <strong>Medicip Healthe<\/strong>, entre d\u2019altres. Perqu\u00e8 l\u2019ecosistema de CUIDA 2026 est\u00e0 dissenyat perqu\u00e8 els professionals del sector trobin en un sol lloc, tot el necessari en tecnologia, serveis assistencials i sociosanitaris, oci i envelliment actiu, equipament per a resid\u00e8ncies, arquitectura i mobilitat, formaci\u00f3 i consultoria estrat\u00e8gica.<\/p>\n\n\n\n<p><strong>Consulta <a href=\"https:\/\/expocuida.com\/ca\/empreses-participants\/\">aqu\u00ed el llistat d\u2019empreses<\/a> i prepara la teva visita a CUIDA 2026 els pr\u00f2xims dies 27 i 28 de maig a La Farga de l\u2019Hospitalet.<\/strong><\/p>\n\n\n\n<p><\/p>\n","protected":false},"excerpt":{"rendered":"<p>Tot i que l\u2019eix principal de CUIDA 2026 ser\u00e0 el congr\u00e9s, el certamen tamb\u00e9 comptar\u00e0 amb una zona expositiva professional, en la qual empreses i entitats presentaran solucions, serveis i tecnologies aplicades a l\u2019atenci\u00f3 i la cura de les persones grans. Aquest espai, concebut com a complement del programa de coneixement, permetr\u00e0 als professionals con\u00e8ixer [&hellip;]<\/p>\n","protected":false},"author":2,"featured_media":2364,"comment_status":"closed","ping_status":"closed","sticky":false,"template":"","format":"standard","meta":{"footnotes":""},"categories":[1],"tags":[],"class_list":["post-2374","post","type-post","status-publish","format-standard","has-post-thumbnail","hentry","category-noticies-cuida"],"_links":{"self":[{"href":"https:\/\/expocuida.com\/ca\/wp-json\/wp\/v2\/posts\/2374","targetHints":{"allow":["GET"]}}],"collection":[{"href":"https:\/\/expocuida.com\/ca\/wp-json\/wp\/v2\/posts"}],"about":[{"href":"https:\/\/expocuida.com\/ca\/wp-json\/wp\/v2\/types\/post"}],"author":[{"embeddable":true,"href":"https:\/\/expocuida.com\/ca\/wp-json\/wp\/v2\/users\/2"}],"replies":[{"embeddable":true,"href":"https:\/\/expocuida.com\/ca\/wp-json\/wp\/v2\/comments?post=2374"}],"version-history":[{"count":1,"href":"https:\/\/expocuida.com\/ca\/wp-json\/wp\/v2\/posts\/2374\/revisions"}],"predecessor-version":[{"id":2375,"href":"https:\/\/expocuida.com\/ca\/wp-json\/wp\/v2\/posts\/2374\/revisions\/2375"}],"wp:featuredmedia":[{"embeddable":true,"href":"https:\/\/expocuida.com\/ca\/wp-json\/wp\/v2\/media\/2364"}],"wp:attachment":[{"href":"https:\/\/expocuida.com\/ca\/wp-json\/wp\/v2\/media?parent=2374"}],"wp:term":[{"taxonomy":"category","embeddable":true,"href":"https:\/\/expocuida.com\/ca\/wp-json\/wp\/v2\/categories?post=2374"},{"taxonomy":"post_tag","embeddable":true,"href":"https:\/\/expocuida.com\/ca\/wp-json\/wp\/v2\/tags?post=2374"}],"curies":[{"name":"wp","href":"https:\/\/api.w.org\/{rel}","templated":true}]}}