{"id":2370,"date":"2026-04-30T12:56:23","date_gmt":"2026-04-30T10:56:23","guid":{"rendered":"https:\/\/expocuida.com\/?p=2370"},"modified":"2026-04-30T12:57:07","modified_gmt":"2026-04-30T10:57:07","slug":"ceafa-i-cinfa-impulsen-un-programa-per-millorar-la-salut-emocional-de-familiars-cuidadors","status":"publish","type":"post","link":"https:\/\/expocuida.com\/ca\/ceafa-i-cinfa-impulsen-un-programa-per-millorar-la-salut-emocional-de-familiars-cuidadors\/","title":{"rendered":"CEAFA i Cinfa impulsen un programa per millorar la salut emocional de familiars cuidadors"},"content":{"rendered":"\n<p>La Confederaci\u00f3 Espanyola d\u2019Alzheimer i altres Dem\u00e8ncies (CEAFA) i Cinfa han llan\u00e7at el programa \u201cCuidar amb sentit\u201d, una iniciativa que busca millorar la salut emocional de m\u00e9s de dos mil familiars que cuiden di\u00e0riament persones amb dem\u00e8ncia.<\/p>\n\n\n\n<p>El programa est\u00e0 dissenyat per mitigar l\u2019impacte f\u00edsic i, sobretot, psicol\u00f2gic derivat de la cura de llarga durada. La seva metodologia interv\u00e9 en factors clau com l\u2019aferrament, el trauma i l\u2019estr\u00e8s.<\/p>\n\n\n\n<p>A la pr\u00e0ctica, el programa es desenvolupa en 8 sessions d\u2019intervenci\u00f3 guiada, propostes d\u2019exercicis i pr\u00e0ctiques concretes i estructurades per a cada sessi\u00f3. Al llarg d\u2019aquestes sessions les persones cuidadores prenen consci\u00e8ncia de l\u2019impacte emocional i vital que t\u00e9 el seu rol, se\u2019ls facilita reconnectar amb els seus valors i motivacions personals, recon\u00e8ixer les fortaleses desenvolupades i revalorar la seva identitat personal, donant sentit a tot el proc\u00e9s de cura compartida.<\/p>\n\n\n\n<p>Fins a la data, \u201cCuidar amb sentit\u201d ja ha beneficiat m\u00e9s de 150 persones cuidadores de 19 associacions de familiars de persones amb alzh\u00e8imer d\u2019Espanya, mostrant, a m\u00e9s, resultats esperan\u00e7adors. I \u00e9s que la formaci\u00f3 ha perm\u00e8s als cuidadors i cuidadores aprendre noves estrat\u00e8gies eficaces i efectives per a l\u2019acceptaci\u00f3 de la situaci\u00f3, aconseguint aix\u00ed una millora significativa del seu estat emocional i de la seva salut.<\/p>\n\n\n\n<p>El programa complet i els recursos associats ja estan disponibles per a la seva consulta i acc\u00e9s a trav\u00e9s del <a href=\"https:\/\/gemini.google.com\/\">web oficial de Projectes amb Entitats \u2013 CEA<\/a><strong>.<\/strong><\/p>\n\n\n\n<p><\/p>\n","protected":false},"excerpt":{"rendered":"<p>La Confederaci\u00f3 Espanyola d\u2019Alzheimer i altres Dem\u00e8ncies (CEAFA) i Cinfa han llan\u00e7at el programa \u201cCuidar amb sentit\u201d, una iniciativa que busca millorar la salut emocional de m\u00e9s de dos mil familiars que cuiden di\u00e0riament persones amb dem\u00e8ncia. El programa est\u00e0 dissenyat per mitigar l\u2019impacte f\u00edsic i, sobretot, psicol\u00f2gic derivat de la cura de llarga durada. [&hellip;]<\/p>\n","protected":false},"author":2,"featured_media":2366,"comment_status":"closed","ping_status":"closed","sticky":false,"template":"","format":"standard","meta":{"footnotes":""},"categories":[1],"tags":[],"class_list":["post-2370","post","type-post","status-publish","format-standard","has-post-thumbnail","hentry","category-noticies-cuida"],"_links":{"self":[{"href":"https:\/\/expocuida.com\/ca\/wp-json\/wp\/v2\/posts\/2370","targetHints":{"allow":["GET"]}}],"collection":[{"href":"https:\/\/expocuida.com\/ca\/wp-json\/wp\/v2\/posts"}],"about":[{"href":"https:\/\/expocuida.com\/ca\/wp-json\/wp\/v2\/types\/post"}],"author":[{"embeddable":true,"href":"https:\/\/expocuida.com\/ca\/wp-json\/wp\/v2\/users\/2"}],"replies":[{"embeddable":true,"href":"https:\/\/expocuida.com\/ca\/wp-json\/wp\/v2\/comments?post=2370"}],"version-history":[{"count":1,"href":"https:\/\/expocuida.com\/ca\/wp-json\/wp\/v2\/posts\/2370\/revisions"}],"predecessor-version":[{"id":2371,"href":"https:\/\/expocuida.com\/ca\/wp-json\/wp\/v2\/posts\/2370\/revisions\/2371"}],"wp:featuredmedia":[{"embeddable":true,"href":"https:\/\/expocuida.com\/ca\/wp-json\/wp\/v2\/media\/2366"}],"wp:attachment":[{"href":"https:\/\/expocuida.com\/ca\/wp-json\/wp\/v2\/media?parent=2370"}],"wp:term":[{"taxonomy":"category","embeddable":true,"href":"https:\/\/expocuida.com\/ca\/wp-json\/wp\/v2\/categories?post=2370"},{"taxonomy":"post_tag","embeddable":true,"href":"https:\/\/expocuida.com\/ca\/wp-json\/wp\/v2\/tags?post=2370"}],"curies":[{"name":"wp","href":"https:\/\/api.w.org\/{rel}","templated":true}]}}