{"id":2361,"date":"2026-04-30T12:53:49","date_gmt":"2026-04-30T10:53:49","guid":{"rendered":"https:\/\/expocuida.com\/?p=2361"},"modified":"2026-04-30T12:54:30","modified_gmt":"2026-04-30T10:54:30","slug":"la-regularitzacio-extraordinaria-de-migrants-un-punt-dinflexio-per-al-sector-de-les-cures-a-espanya","status":"publish","type":"post","link":"https:\/\/expocuida.com\/ca\/la-regularitzacio-extraordinaria-de-migrants-un-punt-dinflexio-per-al-sector-de-les-cures-a-espanya\/","title":{"rendered":"La regularitzaci\u00f3 extraordin\u00e0ria de migrants: un punt d\u2019inflexi\u00f3 per al sector de les cures a Espanya"},"content":{"rendered":"\n<p>La recent entrada en vigor del proc\u00e9s de regularitzaci\u00f3 extraordin\u00e0ria de persones migrants a Espanya marca un punt d\u2019inflexi\u00f3 decisiu per al sistema assistencial. El sector confia que sigui, realment, una gran oportunitat per garantir la sostenibilitat i la qualitat en l\u2019atenci\u00f3 i en el sector de les cures en el futur.<\/p>\n\n\n\n<p>I \u00e9s que, segons dades del Ministeri de Drets Socials, Consum i Agenda 2030, Espanya haur\u00e0 d\u2019incorporar 261.400 treballadores addicionals en cures de llarga durada per a 2030, per la qual cosa el sistema hauria de situar-se al voltant de 751.300 professionals en aquest horitz\u00f3 temporal per garantir una cobertura adequada.<\/p>\n\n\n\n<p>Aquesta necessitat de m\u00e0 d\u2019obra qualificada coincideix amb la realitat d\u2019un sector on, s\u2019estima, aproximadament el 50% de les empleades de la llar s\u00f3n dones migrants, una xifra que es dispara quan parlem del r\u00e8gim d\u2019interna. Tot i ser les encarregades de sostenir el dia a dia de milers de persones grans, gran part d\u2019aquest col\u00b7lectiu operava en la invisibilitat -sense contractes, sense cotitzacions a la Seguretat Social i, per tant, sense acc\u00e9s a una xarxa de protecci\u00f3 laboral-.<\/p>\n\n\n\n<p>Davant d\u2019aquest escenari, organitzacions socials i experts del sector han estat clars sota el lema &#8220;Regularitzar \u00e9s cuidar&#8221;, assenyalant que &#8220;aflorar l\u2019ocupaci\u00f3 submergida \u00e9s, sobretot, un acte de just\u00edcia que dignifica una tasca essencial per a la columna vertebral de la nostra atenci\u00f3 a la depend\u00e8ncia&#8221;. I \u00e9s que, amb el proc\u00e9s de regularitzaci\u00f3, gran part d\u2019aquestes treballadores podran no nom\u00e9s obtenir &#8220;papers&#8221;, sin\u00f3 tenir acc\u00e9s a drets fonamentals.<\/p>\n\n\n\n<p>En definitiva, la recent mesura aprovada pel Govern obre una finestra d\u2019oportunitat \u00fanica per a milers de cuidadores que, fins ara, sostenien el sistema de depend\u00e8ncia des de la invisibilitat de l\u2019economia submergida.<\/p>\n","protected":false},"excerpt":{"rendered":"<p>La recent entrada en vigor del proc\u00e9s de regularitzaci\u00f3 extraordin\u00e0ria de persones migrants a Espanya marca un punt d\u2019inflexi\u00f3 decisiu per al sistema assistencial. El sector confia que sigui, realment, una gran oportunitat per garantir la sostenibilitat i la qualitat en l\u2019atenci\u00f3 i en el sector de les cures en el futur. I \u00e9s que, [&hellip;]<\/p>\n","protected":false},"author":2,"featured_media":2360,"comment_status":"closed","ping_status":"closed","sticky":false,"template":"","format":"standard","meta":{"footnotes":""},"categories":[1],"tags":[],"class_list":["post-2361","post","type-post","status-publish","format-standard","has-post-thumbnail","hentry","category-noticies-cuida"],"_links":{"self":[{"href":"https:\/\/expocuida.com\/ca\/wp-json\/wp\/v2\/posts\/2361","targetHints":{"allow":["GET"]}}],"collection":[{"href":"https:\/\/expocuida.com\/ca\/wp-json\/wp\/v2\/posts"}],"about":[{"href":"https:\/\/expocuida.com\/ca\/wp-json\/wp\/v2\/types\/post"}],"author":[{"embeddable":true,"href":"https:\/\/expocuida.com\/ca\/wp-json\/wp\/v2\/users\/2"}],"replies":[{"embeddable":true,"href":"https:\/\/expocuida.com\/ca\/wp-json\/wp\/v2\/comments?post=2361"}],"version-history":[{"count":1,"href":"https:\/\/expocuida.com\/ca\/wp-json\/wp\/v2\/posts\/2361\/revisions"}],"predecessor-version":[{"id":2362,"href":"https:\/\/expocuida.com\/ca\/wp-json\/wp\/v2\/posts\/2361\/revisions\/2362"}],"wp:featuredmedia":[{"embeddable":true,"href":"https:\/\/expocuida.com\/ca\/wp-json\/wp\/v2\/media\/2360"}],"wp:attachment":[{"href":"https:\/\/expocuida.com\/ca\/wp-json\/wp\/v2\/media?parent=2361"}],"wp:term":[{"taxonomy":"category","embeddable":true,"href":"https:\/\/expocuida.com\/ca\/wp-json\/wp\/v2\/categories?post=2361"},{"taxonomy":"post_tag","embeddable":true,"href":"https:\/\/expocuida.com\/ca\/wp-json\/wp\/v2\/tags?post=2361"}],"curies":[{"name":"wp","href":"https:\/\/api.w.org\/{rel}","templated":true}]}}