{"id":1524,"date":"2026-04-07T11:44:54","date_gmt":"2026-04-07T09:44:54","guid":{"rendered":"https:\/\/expocuida.com\/?p=1524"},"modified":"2026-04-08T13:42:35","modified_gmt":"2026-04-08T11:42:35","slug":"limserso-subratlla-amb-un-nou-informe-que-la-tecnologia-millora-les-cures-de-les-persones-grans-pero-no-substitueix-les-persones","status":"publish","type":"post","link":"https:\/\/expocuida.com\/ca\/limserso-subratlla-amb-un-nou-informe-que-la-tecnologia-millora-les-cures-de-les-persones-grans-pero-no-substitueix-les-persones\/","title":{"rendered":"L\u2019Imserso subratlla amb un nou informe que la tecnologia millora les cures de les persones grans per\u00f2 no substitueix les persones"},"content":{"rendered":"\n<p>Un nou informe realitzat per l\u2019Imserso ha constatat el que l\u2019evid\u00e8ncia ja venia subratllant: la tecnologia pot transformar el sector de les cures, per\u00f2 nom\u00e9s quan est\u00e0 al servei de les persones i la seva autonomia.<\/p>\n\n\n\n<p>L\u2019informe <a href=\"https:\/\/www.centrodedocumentacionimserso.es\/files\/revisiones\/1_3.pdf\" target=\"_blank\" rel=\"noreferrer noopener\"><strong>\u201cLes tecnologies al servei de les cures. Revisi\u00f3 de l\u2019evid\u00e8ncia de la seva efectivitat\u201d<\/strong><\/a> recorda que cada vegada hi ha m\u00e9s persones grans, amb major nivell de depend\u00e8ncia i necessitats assistencials m\u00e9s complexes, tanmateix, el sistema no est\u00e0 creixent al mateix ritme, per la qual cosa la tecnologia i la digitalitzaci\u00f3 poden ser l\u2019eina clau per garantir una vellesa m\u00e9s digna.<\/p>\n\n\n\n<p>L\u2019informe valida que la tecnologia optimitza la gesti\u00f3 i millora la qualitat de vida de les persones grans, sempre que no substitueixi la cura humana, que roman com l\u2019eix central del benestar. Eines com aplicacions i programes en l\u00ednia fomenten l\u2019activitat f\u00edsica i prevenen el deteriorament funcional, mentre que la dom\u00f2tica i la teleassist\u00e8ncia permeten prolongar l\u2019estada a la llar amb seguretat, sempre sota supervisi\u00f3 professional. Aix\u00ed mateix, la intel\u00b7lig\u00e8ncia artificial i la rob\u00f2tica poden alleujar la c\u00e0rrega f\u00edsica i administrativa dels cuidadors, deixant m\u00e9s temps precisament per al que \u00e9s important: el tracte hum\u00e0.<\/p>\n\n\n\n<p>El document destaca, tamb\u00e9, el paper dels robots socials en centres assistencials, que poden ser una soluci\u00f3 real contra la soledat no desitjada, millorant l\u2019estat emocional dels residents i reduint l\u2019ansietat en persones amb dem\u00e8ncia.<\/p>\n\n\n\n<p>L\u2019informe, en qualsevol cas, destaca que l\u2019\u00e8xit d\u2019aquesta integraci\u00f3 resideix en l\u2019enfocament centrat en la persona, evitant que la tecnologia es converteixi en una barrera freda, sin\u00f3 en un pont per a l\u2019autonomia: &#8220;La tecnologia no ve a substituir l\u2019afecte hum\u00e0, sin\u00f3 a alliberar temps i recursos perqu\u00e8 la cura sigui m\u00e9s humana que mai\u201d.<\/p>\n\n\n\n<p>De fet, les persones grans necessiten una tecnologia senzilla, f\u00e0cil de manipular i d\u2019entendre i que realment respongui a les seves necessitats. El repte actual, tanmateix, ja no \u00e9s demostrar la utilitat d\u2019aquesta tecnologia, sin\u00f3 assegurar que cap persona gran es quedi enrere a causa de la bretxa digital.<\/p>\n","protected":false},"excerpt":{"rendered":"<p>Un nou informe realitzat per l\u2019Imserso ha constatat el que l\u2019evid\u00e8ncia ja venia subratllant: la tecnologia pot transformar el sector de les cures, per\u00f2 nom\u00e9s quan est\u00e0 al servei de les persones i la seva autonomia. L\u2019informe \u201cLes tecnologies al servei de les cures. Revisi\u00f3 de l\u2019evid\u00e8ncia de la seva efectivitat\u201d recorda que cada vegada [&hellip;]<\/p>\n","protected":false},"author":2,"featured_media":1507,"comment_status":"closed","ping_status":"closed","sticky":false,"template":"","format":"standard","meta":{"footnotes":""},"categories":[1],"tags":[],"class_list":["post-1524","post","type-post","status-publish","format-standard","has-post-thumbnail","hentry","category-noticies-cuida"],"_links":{"self":[{"href":"https:\/\/expocuida.com\/ca\/wp-json\/wp\/v2\/posts\/1524","targetHints":{"allow":["GET"]}}],"collection":[{"href":"https:\/\/expocuida.com\/ca\/wp-json\/wp\/v2\/posts"}],"about":[{"href":"https:\/\/expocuida.com\/ca\/wp-json\/wp\/v2\/types\/post"}],"author":[{"embeddable":true,"href":"https:\/\/expocuida.com\/ca\/wp-json\/wp\/v2\/users\/2"}],"replies":[{"embeddable":true,"href":"https:\/\/expocuida.com\/ca\/wp-json\/wp\/v2\/comments?post=1524"}],"version-history":[{"count":1,"href":"https:\/\/expocuida.com\/ca\/wp-json\/wp\/v2\/posts\/1524\/revisions"}],"predecessor-version":[{"id":1525,"href":"https:\/\/expocuida.com\/ca\/wp-json\/wp\/v2\/posts\/1524\/revisions\/1525"}],"wp:featuredmedia":[{"embeddable":true,"href":"https:\/\/expocuida.com\/ca\/wp-json\/wp\/v2\/media\/1507"}],"wp:attachment":[{"href":"https:\/\/expocuida.com\/ca\/wp-json\/wp\/v2\/media?parent=1524"}],"wp:term":[{"taxonomy":"category","embeddable":true,"href":"https:\/\/expocuida.com\/ca\/wp-json\/wp\/v2\/categories?post=1524"},{"taxonomy":"post_tag","embeddable":true,"href":"https:\/\/expocuida.com\/ca\/wp-json\/wp\/v2\/tags?post=1524"}],"curies":[{"name":"wp","href":"https:\/\/api.w.org\/{rel}","templated":true}]}}