{"id":1520,"date":"2026-04-07T11:43:31","date_gmt":"2026-04-07T09:43:31","guid":{"rendered":"https:\/\/expocuida.com\/?p=1520"},"modified":"2026-04-07T11:44:03","modified_gmt":"2026-04-07T09:44:03","slug":"acra-i-el-collegi-de-metges-de-catalunya-nous-collaboradors-de-cuida","status":"publish","type":"post","link":"https:\/\/expocuida.com\/ca\/acra-i-el-collegi-de-metges-de-catalunya-nous-collaboradors-de-cuida\/","title":{"rendered":"ACRA i el Col\u00b7legi de Metges de Catalunya, nous col\u00b7laboradors de CUIDA"},"content":{"rendered":"\n<p><strong>CUIDA<\/strong> continua construint els fonaments per erigir-se com la primera fira dels professionals en l\u2019atenci\u00f3, assist\u00e8ncia i cura de persones grans del pa\u00eds, un punt de trobada \u00fatil, rigor\u00f3s i alineat amb la realitat del sector de les cures. Per a aix\u00f2, se segueixen sumant socis i col\u00b7laboradors que reforcen i consoliden aquesta posici\u00f3, com s\u00f3n el <strong>Col\u00b7legi de Metges de Catalunya i ACRA (Associaci\u00f3 Catalana de Recursos Assistencials)<\/strong>, dues entitats clau que aporten solidesa, coneixement i representativitat al certamen.<\/p>\n\n\n\n<p>D\u2019una banda, el<strong> Col\u00b7legi de Metges de Catalunya <\/strong>\u2014\u00f2rgan que representa i coordina els metges del territori\u2014 aportar\u00e0 a l\u2019esdeveniment una visi\u00f3 cl\u00ednica imprescindible per abordar els reptes de l\u2019atenci\u00f3 a les persones grans des de l\u2019\u00e0mbit sanitari. Amb aquesta col\u00b7laboraci\u00f3, <strong>CUIDA<\/strong> podr\u00e0 dissenyar nous continguts alineats amb la pr\u00e0ctica sanit\u00e0ria i assistencial i podr\u00e0 aportar m\u00e9s recursos per cobrir les necessitats reals dels professionals de la salut.<\/p>\n\n\n\n<p>D\u2019altra banda, <strong>ACRA<\/strong>, entitat de refer\u00e8ncia que agrupa m\u00e9s de 400 organitzacions del sector assistencial i representa milers de professionals i serveis a Catalunya, incorpora a <strong>CUIDA<\/strong> una important perspectiva operativa i de gesti\u00f3 del sistema de cures. Amb aquest suport i la seva col\u00b7laboraci\u00f3, l\u2019esdeveniment podr\u00e0 connectar molt millor amb el dia a dia de resid\u00e8ncies, centres de dia, serveis domiciliaris i altres recursos assistencials.<\/p>\n\n\n\n<p>Gr\u00e0cies a aquestes aliances, <strong>CUIDA<\/strong> no nom\u00e9s guanya en representativitat, sin\u00f3 tamb\u00e9 en capacitat de generar contingut rellevant per al professional del sector i propostes aplicables en el dia a dia de les cures.<\/p>\n\n\n\n<p><\/p>\n","protected":false},"excerpt":{"rendered":"<p>CUIDA continua construint els fonaments per erigir-se com la primera fira dels professionals en l\u2019atenci\u00f3, assist\u00e8ncia i cura de persones grans del pa\u00eds, un punt de trobada \u00fatil, rigor\u00f3s i alineat amb la realitat del sector de les cures. Per a aix\u00f2, se segueixen sumant socis i col\u00b7laboradors que reforcen i consoliden aquesta posici\u00f3, com [&hellip;]<\/p>\n","protected":false},"author":2,"featured_media":1506,"comment_status":"closed","ping_status":"closed","sticky":false,"template":"","format":"standard","meta":{"footnotes":""},"categories":[1],"tags":[],"class_list":["post-1520","post","type-post","status-publish","format-standard","has-post-thumbnail","hentry","category-noticies-cuida"],"_links":{"self":[{"href":"https:\/\/expocuida.com\/ca\/wp-json\/wp\/v2\/posts\/1520","targetHints":{"allow":["GET"]}}],"collection":[{"href":"https:\/\/expocuida.com\/ca\/wp-json\/wp\/v2\/posts"}],"about":[{"href":"https:\/\/expocuida.com\/ca\/wp-json\/wp\/v2\/types\/post"}],"author":[{"embeddable":true,"href":"https:\/\/expocuida.com\/ca\/wp-json\/wp\/v2\/users\/2"}],"replies":[{"embeddable":true,"href":"https:\/\/expocuida.com\/ca\/wp-json\/wp\/v2\/comments?post=1520"}],"version-history":[{"count":1,"href":"https:\/\/expocuida.com\/ca\/wp-json\/wp\/v2\/posts\/1520\/revisions"}],"predecessor-version":[{"id":1521,"href":"https:\/\/expocuida.com\/ca\/wp-json\/wp\/v2\/posts\/1520\/revisions\/1521"}],"wp:featuredmedia":[{"embeddable":true,"href":"https:\/\/expocuida.com\/ca\/wp-json\/wp\/v2\/media\/1506"}],"wp:attachment":[{"href":"https:\/\/expocuida.com\/ca\/wp-json\/wp\/v2\/media?parent=1520"}],"wp:term":[{"taxonomy":"category","embeddable":true,"href":"https:\/\/expocuida.com\/ca\/wp-json\/wp\/v2\/categories?post=1520"},{"taxonomy":"post_tag","embeddable":true,"href":"https:\/\/expocuida.com\/ca\/wp-json\/wp\/v2\/tags?post=1520"}],"curies":[{"name":"wp","href":"https:\/\/api.w.org\/{rel}","templated":true}]}}