{"id":1504,"date":"2026-04-07T11:36:16","date_gmt":"2026-04-07T09:36:16","guid":{"rendered":"https:\/\/expocuida.com\/?p=1504"},"modified":"2026-04-07T11:39:25","modified_gmt":"2026-04-07T09:39:25","slug":"entrevista-a-jose-luis-buenache","status":"publish","type":"post","link":"https:\/\/expocuida.com\/ca\/entrevista-a-jose-luis-buenache\/","title":{"rendered":"Jos\u00e9 Luis Buenache, CEO de l\u2019Associaci\u00f3 Siena i membre del Comit\u00e8 Cient\u00edfic de CUIDA"},"content":{"rendered":"\n<h4 class=\"wp-block-heading\" style=\"margin-bottom:40px\"><strong>\u201cEl sistema de cures hauria de ser m\u00e9s flexible, molt m\u00e9s personalitzat i m\u00e9s centrat en la persona i en les seves necessitats\u201d<\/strong><\/h4>\n\n\n\n<p>El Comit\u00e8 Cient\u00edfic de CUIDA compta amb experts i professionals de llarga traject\u00f2ria en el sector de les cures, com Jos\u00e9 Luis Buenache, CEO i cofundador de l\u2019Associaci\u00f3 SIENA (Serveis Integrals per a l\u2019Envelliment Actiu), formador i consultor en el tercer sector, especialment en l\u2019\u00e0mbit de l\u2019atenci\u00f3 i el sector assistencial.<\/p>\n\n\n\n<p>Buenache va ser coordinador territorial de la Fundaci\u00f3 Amics de la Gent Gran, director de desenvolupament corporatiu de la Fundaci\u00f3 Sociosanit\u00e0ria de Manresa (actualment Sant Andreu Salut), responsable institucional i d\u2019aliances de l\u2019associaci\u00f3 Pobles que Cuiden, membre de l\u2019equip de la C\u00e0tedra de Cures Pal\u00b7liatives de la Uvic-UCC, docent del CFGM d\u2019Atenci\u00f3 a Persones en Situaci\u00f3 de Depend\u00e8ncia i del CFGS Integraci\u00f3 Social, i col\u00b7laborador pro bono a l\u2019entitat En bici sense Edat.<\/p>\n\n\n\n<p>Actualment col\u00b7labora amb diferents entitats com la Fundaci\u00f3 M\u00e9mora, Uni\u00f3 Consorci Formaci\u00f3 i CeSeA (Cures Sanit\u00e0ries Assistencials), la Federaci\u00f3 de Serveis Sanitaris i Sociosanitaris de CCOO o ACRA entre d\u2019altres. Li agrada definir-se com a \u201csocialnetworker i seniorfriendly\u201d, uns trets i una traject\u00f2ria que est\u00e0 ajudant a definir les l\u00ednies i el programa de la primera edici\u00f3 de CUIDA.<\/p>\n\n\n\n<p style=\"margin-top:40px\"><strong>Jos\u00e9 Luis, en quin sentit, i concretant amb exemples, est\u00e0 ajudant la seva experi\u00e8ncia per a la definici\u00f3 de CUIDA?<\/strong><\/p>\n\n\n\n<p>La meva traject\u00f2ria professional m\u2019ha perm\u00e8s con\u00e8ixer moltes persones referents en el sector que no sempre apareixen en els programes i que mereixen ser m\u00e9s escoltades. Tamb\u00e9 el fet de dedicar-me a la formaci\u00f3 amb diferents entitats m\u2019ha aportat una visi\u00f3 de moltes institucions cuidadores \u201cdes de dins\u201d, poder connectar i empatitzar amb grand\u00edssimes professionals de la cura i veure de primera m\u00e0 la realitat que sovint no \u00e9s coneguda per la poblaci\u00f3 en general. Concretant, amb exemples, he proposat activitats i ponents relacionats amb la soledat a les institucions, tamb\u00e9 altres relacionats amb la salut i el benestar de les persones cuidadores, i alguna altra que ens agradaria que aport\u00e9s aire fresc com podrien ser activitats m\u00e9s informals en finalitzar la programaci\u00f3 di\u00e0ria.<\/p>\n\n\n\n<p style=\"margin-top:40px\"><strong>Qu\u00e8 trobar\u00e0 el professional a CUIDA que no trobar\u00e0 en altres esdeveniments?<\/strong><\/p>\n\n\n\n<p>Trobar\u00e0 una mirada transversal i integral. CUIDA no es limita al sanitari o a l\u2019assistencial, sin\u00f3 que aborda la cura de les persones grans des de m\u00faltiples dimensions: social, comunit\u00e0ria, tecnol\u00f2gica i humana. A m\u00e9s, hem posat molt \u00e8mfasi en la connexi\u00f3 entre professionals, generant espais per a l\u2019intercanvi real, no nom\u00e9s per escoltar pon\u00e8ncies.<\/p>\n\n\n\n<p style=\"margin-top:40px\"><strong>Quin paper t\u00e9 el Comit\u00e8 Cient\u00edfic a evitar que CUIDA sigui \u201cuna fira m\u00e9s\u201d i, sobretot, que sigui una fira de llarg recorregut?<\/strong><\/p>\n\n\n\n<p>El Comit\u00e8 Cient\u00edfic aporta diversitat de mirades, alhora que garanteix el rigor i la rellev\u00e0ncia dels continguts. La seva funci\u00f3 \u00e9s filtrar tend\u00e8ncies, identificar bones pr\u00e0ctiques i assegurar que el que es presenta t\u00e9 impacte real en el dia a dia. Tamb\u00e9 ajuda a construir una visi\u00f3 estrat\u00e8gica a llarg termini, perqu\u00e8 CUIDA evolucioni amb el sector i no es quedi en una proposta puntual. Volem que aquesta sigui la primera edici\u00f3 de moltes m\u00e9s que vindran posteriorment.<\/p>\n\n\n\n<p style=\"margin-top:40px\"><strong>Si hagu\u00e9s d\u2019escollir nom\u00e9s tres activitats de CUIDA per recomanar als visitants, quines serien i per qu\u00e8?<\/strong><\/p>\n\n\n\n<p>Doncs \u201cescombrar\u00e9 cap a casa\u201d i mencionar\u00e9 tres de les que he proposat que em semblen realment interessants. La primera tindria a veure amb un debat amb investigadores i consultores sobre com abordar la soledat no desitjada a les resid\u00e8ncies, als centres de dia, als hospitals, en definitiva en entorns institucionals i tamb\u00e9 als domicilis. La segona proposta t\u00e9 a veure amb la presentaci\u00f3 d\u2019un potent programa formatiu que hem dut a terme per a una important entitat durant dos anys i mig seguits, que ha estat molt pioner tant en durada com en la diversitat i transversalitat dels perfils dels participants. I finalment, el debat \u00e8tic sobre la rob\u00f2tica al servei de les persones amb ponents de reconegud\u00edssim prestigi.<\/p>\n\n\n\n<p style=\"margin-top:40px\"><strong>Bona part de la seva feina es concentra en promoure l\u2019envelliment actiu. Quina \u00e9s la clau d\u2019aquest \u201cenvelliment actiu\u201d?<\/strong><\/p>\n\n\n\n<p>La clau est\u00e0 en entendre la persona gran com un subjecte actiu, amb capacitat de decisi\u00f3 i de contribuci\u00f3 social. No es tracta nom\u00e9s d\u2019abordar la salut f\u00edsica de la persona gran, sin\u00f3 de promoure la seva participaci\u00f3 social, la seva autonomia i acompanyar-la en la recerca del seu prop\u00f2sit vital a trav\u00e9s d\u2019activitats significatives. L\u2019envelliment actiu \u00e9s, en ess\u00e8ncia, acompanyar les persones grans en el seu proc\u00e9s biol\u00f2gic garantint que no es vulnerin els seus drets pel sol fet de ser grans i, per tant, combatre l\u2019edatisme, la infantilitzaci\u00f3 i el paternalisme que sovint veiem en l\u2019\u00e0mbit de les cures.<\/p>\n\n\n\n<p style=\"margin-top:40px\"><strong>Quin discurs actual sobre les persones grans li sembla m\u00e9s allunyat de la realitat?<\/strong><\/p>\n\n\n\n<p>El que les presenta com un col\u00b7lectiu homogeni i com un col\u00b7lectiu dependent. La realitat \u00e9s molt m\u00e9s diversa: hi ha persones grans actives, compromeses i amb un enorme potencial. Simplificar aquesta realitat \u00e9s, des del meu punt de vista, un error que condiciona negativament tant les pol\u00edtiques p\u00fabliques com els serveis i recursos dirigits a les persones grans<\/p>\n\n\n\n<p style=\"margin-top:40px\"><strong>Davant un nou panorama, amb un augment exponencial de les persones grans, m\u00e9s, de m\u00e9s edat i amb m\u00e9s necessitats de cures\u2026 Com hem de canviar? Com s\u2019ha de reformular el sector de les cures?<\/strong><\/p>\n\n\n\n<p>Fa molts anys que es parla de \u201ctsunami demogr\u00e0fic\u201d i malgrat aix\u00f2, continuem amb un model d\u2019atenci\u00f3 i de cures eminentment reactiu i excessivament burocratitzat quan hauria de ser molt m\u00e9s \u00e0gil, m\u00e9s preventiu i amb un enfocament eminentment m\u00e9s comunitari. Aquest altre model requereix invertir molt m\u00e9s en pol\u00edtiques i recursos que fomentin l\u2019autonomia personal, les xarxes de suport i els entorns amigables amb les persones grans. D\u2019altra banda, el sistema de cures hauria de ser m\u00e9s flexible, molt m\u00e9s personalitzat i m\u00e9s centrat en la persona i en les seves necessitats, i no tant en l\u2019\u201cestructura\u201d.<\/p>\n\n\n\n<p style=\"margin-top:40px\"><strong>En aquest entorn, quin paper ha de tenir la innovaci\u00f3 i la tecnologia?<\/strong><\/p>\n\n\n\n<p>Doncs crec que la tecnologia ha de ser b\u00e0sicament una eina al servei de les persones, no una finalitat en si mateixa. La tecnologia pot millorar la qualitat de vida de les persones, pot facilitar l\u2019atenci\u00f3 i permet optimitzar recursos, per\u00f2 sempre s\u2019ha de dissenyar i adaptar a les necessitats reals de les persones ateses, i aix\u00f2 no sempre \u00e9s aix\u00ed. La clau, des del meu punt de vista, \u00e9s combinar convenientment la innovaci\u00f3 tecnol\u00f2gica amb la innovaci\u00f3 social. A CUIDA veurem alguns bons exemples que no us podeu perdre.<\/p>\n\n\n\n<p style=\"margin-top:40px\"><strong>Parlem de les persones, dels cuidadors. Qu\u00e8 es pot fer per atraure m\u00e9s professionals a aquest sector?<\/strong><\/p>\n\n\n\n<p>\u00c9s fonamental i urgent dignificar el sector: millorant les seves condicions laborals, oferint-los formaci\u00f3 continuada i reconeixent socialment el seu valor. En la meva opini\u00f3, tamb\u00e9 hem de generar itineraris professionals atractius, aix\u00ed com ajudar des de diferents inst\u00e0ncies a visibilitzar l\u2019impacte positiu i necessari que t\u00e9 aquesta feina en la societat. Haur\u00edem de tenir molt present una cosa que en el seu moment va dir Gandhi: que \u201cla veritable grandesa d\u2019una comunitat es mesura per la seva capacitat de protegir i cuidar aquells que m\u00e9s ho necessiten\u201d. Si volem millorar la nostra societat, hem de cuidar millor a qui cuida, per\u00f2 de veritat.<\/p>\n\n\n\n<p style=\"margin-top:40px\"><strong>Com hauria de ser el \u201ccuidador\u201d del futur?<\/strong><\/p>\n\n\n\n<p>Hauria de ser un professional format no nom\u00e9s a nivell de compet\u00e8ncies t\u00e8cniques, sin\u00f3 tamb\u00e9 en altres compet\u00e8ncies, tan necess\u00e0ries en aquest sector com s\u00f3n l\u2019empatia, la compassi\u00f3, la comunicaci\u00f3 i la capacitat d\u2019adaptar-se a l\u2019\u00fas de la tecnologia, tot aix\u00f2, sense perdre el focus en la persona a qui cuida i acompanya en el seu projecte vital.<\/p>\n\n\n\n<p style=\"margin-top:40px\"><strong>Per finalitzar, segons el seu punt de vista, en el proc\u00e9s final de vida de les persones, quins aspectes considera que s\u00f3n els m\u00e9s importants a tenir en compte?<\/strong><\/p>\n\n\n\n<p>Sobre com abordar el proc\u00e9s de final de vida recomano la guia de bones pr\u00e0ctiques sobre \u201cpacificaci\u00f3\u201d del final de vida impulsada per la Fundaci\u00f3 M\u00e9mora i la C\u00e0tedra ETHOS-URL, que dirigeix el fil\u00f2sof Francesc Torralba i a qui tamb\u00e9 tindrem el privilegi de poder escoltar a CUIDA. En aquesta publicaci\u00f3, adre\u00e7ada tant a professionals, com a familiars i tamb\u00e9 a persones cuidadores en general, podem trobar eines que ens ajudin a donar resposta a aquesta pregunta. Els experts ens proposen que per garantir una atenci\u00f3 veritablement centrada en la persona i tamb\u00e9 en el proc\u00e9s de final de vida, hem de tenir en compte no nom\u00e9s les necessitats f\u00edsiques, sin\u00f3 tamb\u00e9 els valors, les creences i els vincles afectius. Aix\u00ed doncs, el m\u00e9s important seria promoure una atenci\u00f3 humanitzada i hol\u00edstica mitjan\u00e7ant cures tant f\u00edsiques com emocionals, socials i espirituals per ajudar a assolir una mort serena i digna, reduint el patiment i l\u2019angoixa, evitant la soledat no desitjada i garantint el benestar del pacient i del seu entorn familiar.<\/p>\n","protected":false},"excerpt":{"rendered":"<p>\u201cEl sistema de cures hauria de ser m\u00e9s flexible, molt m\u00e9s personalitzat i m\u00e9s centrat en la persona i en les seves necessitats\u201d El Comit\u00e8 Cient\u00edfic de CUIDA compta amb experts i professionals de llarga traject\u00f2ria en el sector de les cures, com Jos\u00e9 Luis Buenache, CEO i cofundador de l\u2019Associaci\u00f3 SIENA (Serveis Integrals per [&hellip;]<\/p>\n","protected":false},"author":2,"featured_media":1503,"comment_status":"closed","ping_status":"closed","sticky":false,"template":"","format":"standard","meta":{"footnotes":""},"categories":[1],"tags":[],"class_list":["post-1504","post","type-post","status-publish","format-standard","has-post-thumbnail","hentry","category-noticies-cuida"],"_links":{"self":[{"href":"https:\/\/expocuida.com\/ca\/wp-json\/wp\/v2\/posts\/1504","targetHints":{"allow":["GET"]}}],"collection":[{"href":"https:\/\/expocuida.com\/ca\/wp-json\/wp\/v2\/posts"}],"about":[{"href":"https:\/\/expocuida.com\/ca\/wp-json\/wp\/v2\/types\/post"}],"author":[{"embeddable":true,"href":"https:\/\/expocuida.com\/ca\/wp-json\/wp\/v2\/users\/2"}],"replies":[{"embeddable":true,"href":"https:\/\/expocuida.com\/ca\/wp-json\/wp\/v2\/comments?post=1504"}],"version-history":[{"count":1,"href":"https:\/\/expocuida.com\/ca\/wp-json\/wp\/v2\/posts\/1504\/revisions"}],"predecessor-version":[{"id":1509,"href":"https:\/\/expocuida.com\/ca\/wp-json\/wp\/v2\/posts\/1504\/revisions\/1509"}],"wp:featuredmedia":[{"embeddable":true,"href":"https:\/\/expocuida.com\/ca\/wp-json\/wp\/v2\/media\/1503"}],"wp:attachment":[{"href":"https:\/\/expocuida.com\/ca\/wp-json\/wp\/v2\/media?parent=1504"}],"wp:term":[{"taxonomy":"category","embeddable":true,"href":"https:\/\/expocuida.com\/ca\/wp-json\/wp\/v2\/categories?post=1504"},{"taxonomy":"post_tag","embeddable":true,"href":"https:\/\/expocuida.com\/ca\/wp-json\/wp\/v2\/tags?post=1504"}],"curies":[{"name":"wp","href":"https:\/\/api.w.org\/{rel}","templated":true}]}}